{"id":1332,"date":"2025-04-28T14:50:00","date_gmt":"2025-04-28T12:50:00","guid":{"rendered":"https:\/\/worldskills.asoo.hr\/Welcome\/?p=1332"},"modified":"2025-07-17T14:55:15","modified_gmt":"2025-07-17T12:55:15","slug":"najavljujemo-medunarodnu-konferenciju-worldskills-croatia-2025-u-dubrovniku-14-listopada-2025","status":"publish","type":"post","link":"https:\/\/worldskills.asoo.hr\/Welcome\/najavljujemo-medunarodnu-konferenciju-worldskills-croatia-2025-u-dubrovniku-14-listopada-2025\/","title":{"rendered":"Najavljujemo me\u0111unarodnu konferenciju WorldSkills Croatia 2025. u Dubrovniku, 14. listopada 2025."},"content":{"rendered":"\n<p class=\"has-medium-font-size\">Pridru\u017eite se globalnoj zajednici strukovnog obrazovanja i vje\u0161tina na konferenciji WorldSkills Croatia 2025. u Dubrovniku, 14. listopada 2025.<\/p>\n\n\n\n<p>Otvorene su prijave za jedan od najva\u017enijih globalnih doga\u0111aja 2025. godine u strukovnom obrazovanju i razvoju vje\u0161tina \u2013 konferenciju WorldSkills Croatia 2025., koja \u0107e se odr\u017eati u utorak, 14. listopada 2025., u Dubrovniku, Hrvatska, kao prate\u0107i doga\u0111aj Generalne skup\u0161tine WorldSkills 2025.<\/p>\n\n\n\n<p>Pod nazivom \u201c(Re)evolucija vje\u0161tina \u2013 Osna\u017eivanje budu\u0107nosti s razvojem vje\u0161tina i strukovnim obrazovanjem i osposobljavanjem\u201d, Konferencija \u0107e okupiti govornike svjetske klase, kreatore promjena i inovatore kako bi istra\u017eili kako obrazovni sustavi mogu odgovoriti na svijet koji se brzo razvija i oblikuju ga tehnologija, klima i globalne promjene.<\/p>\n\n\n\n<p>Za\u0161to prisustvovati?<\/p>\n\n\n\n<ul class=\"wp-block-list\"><li>Slu\u0161ajte izlaganja stru\u010dnjaka iz Europske komisije, OECD-a, CEDEFOP-a, ETF-a, UNESCO-a, ILO-a, UNIDO-a i predstavnika vode\u0107ih globalnih kompanija.<\/li><li>Pridru\u017eite se plenarnim i interaktivnim sesijama o budu\u0107nosti rada, vje\u0161tinama za zeleno gospodarstvo, inovacijama strukovnog obrazovanja i osposobljavanja i globalnoj mobilnosti radne snage.<\/li><li>Budite inspirirani svje\u017eim perspektivama i dinami\u010dnim dijalogom izme\u0111u kreatora politika, nastavnika, poslodavaca i mladih<\/li><li>Umre\u017eite se s me\u0111unarodnim kolegama na jednoj od najpoznatijih lokacija u Europi \u2013 Dubrovniku.<\/li><\/ul>\n\n\n\n<div style=\"height:20px\" aria-hidden=\"true\" class=\"wp-block-spacer\"><\/div>\n\n\n\n<p>Prou\u010dite nacrt programa:<\/p>\n\n\n\n<p><a href=\"http:\/\/worldskills2025.com\/worldskills-croatia-conference-2025\">worldskills2025.com\/worldskills-croatia-conference-2025<\/a><\/p>\n\n\n\n<p>Klju\u010dni datumi:<\/p>\n\n\n\n<ul class=\"wp-block-list\"><li>Prijave su otvarene: 24. travnja<\/li><li>Prijave se zatvaraju: 19. svibnja<\/li><\/ul>\n\n\n\n<div style=\"height:20px\" aria-hidden=\"true\" class=\"wp-block-spacer\"><\/div>\n\n\n\n<p>Registrirajte se ovdje:<\/p>\n\n\n\n<p><a href=\"https:\/\/attend.worldskills.org\/ga2025\/conference\">https:\/\/attend.worldskills.org\/ga2025\/conference<\/a><\/p>\n\n\n\n<p>Pitanja? Kontaktirajte organizacijski tim na:&nbsp;<a href=\"mailto:ga2025@asoo.hr\">ga2025@asoo.hr<\/a><\/p>\n\n\n\n<p>Pozivamo vas da podijelite ovu objavu sa svojim mre\u017eama i dionicima koje zanima razvoj vje\u0161tina i strukovnog obrazovanja<\/p>\n\n\n\n<p>Vi\u0161e informacija i novosti o govornicima redovito \u0107e se objavljivati \u200b\u200bna slu\u017ebenoj web stranici konferencije.<\/p>\n","protected":false},"excerpt":{"rendered":"<p>Pridru\u017eite se globalnoj zajednici strukovnog obrazovanja i vje\u0161tina na konferenciji WorldSkills Croatia 2025. u Dubrovniku, 14. listopada 2025. Otvorene su prijave za jedan od najva\u017enijih globalnih doga\u0111aja 2025. godine u strukovnom obrazovanju i razvoju vje\u0161tina \u2013 konferenciju WorldSkills Croatia 2025., koja \u0107e se odr\u017eati u utorak, 14. listopada 2025., u Dubrovniku, Hrvatska, kao prate\u0107i doga\u0111aj [&hellip;]<\/p>\n","protected":false},"author":11,"featured_media":1334,"comment_status":"closed","ping_status":"","sticky":false,"template":"","format":"standard","meta":{"iawp_total_views":2,"footnotes":""},"categories":[1],"tags":[],"class_list":["post-1332","post","type-post","status-publish","format-standard","has-post-thumbnail","hentry","category-vijesti"],"_links":{"self":[{"href":"https:\/\/worldskills.asoo.hr\/Welcome\/wp-json\/wp\/v2\/posts\/1332","targetHints":{"allow":["GET"]}}],"collection":[{"href":"https:\/\/worldskills.asoo.hr\/Welcome\/wp-json\/wp\/v2\/posts"}],"about":[{"href":"https:\/\/worldskills.asoo.hr\/Welcome\/wp-json\/wp\/v2\/types\/post"}],"author":[{"embeddable":true,"href":"https:\/\/worldskills.asoo.hr\/Welcome\/wp-json\/wp\/v2\/users\/11"}],"replies":[{"embeddable":true,"href":"https:\/\/worldskills.asoo.hr\/Welcome\/wp-json\/wp\/v2\/comments?post=1332"}],"version-history":[{"count":2,"href":"https:\/\/worldskills.asoo.hr\/Welcome\/wp-json\/wp\/v2\/posts\/1332\/revisions"}],"predecessor-version":[{"id":1336,"href":"https:\/\/worldskills.asoo.hr\/Welcome\/wp-json\/wp\/v2\/posts\/1332\/revisions\/1336"}],"wp:featuredmedia":[{"embeddable":true,"href":"https:\/\/worldskills.asoo.hr\/Welcome\/wp-json\/wp\/v2\/media\/1334"}],"wp:attachment":[{"href":"https:\/\/worldskills.asoo.hr\/Welcome\/wp-json\/wp\/v2\/media?parent=1332"}],"wp:term":[{"taxonomy":"category","embeddable":true,"href":"https:\/\/worldskills.asoo.hr\/Welcome\/wp-json\/wp\/v2\/categories?post=1332"},{"taxonomy":"post_tag","embeddable":true,"href":"https:\/\/worldskills.asoo.hr\/Welcome\/wp-json\/wp\/v2\/tags?post=1332"}],"curies":[{"name":"wp","href":"https:\/\/api.w.org\/{rel}","templated":true}]}}